{"id":600,"date":"2017-07-05T11:27:41","date_gmt":"2017-07-05T09:27:41","guid":{"rendered":"http:\/\/projectes.fundesplai.org\/canals\/?p=600"},"modified":"2017-07-05T11:27:41","modified_gmt":"2017-07-05T09:27:41","slug":"suport-associatiu-adapta-els-seus-programes-al-sistema-sii-de-lagencia-tributaria","status":"publish","type":"post","link":"https:\/\/projectes.fundesplai.org\/canals\/2017\/07\/05\/suport-associatiu-adapta-els-seus-programes-al-sistema-sii-de-lagencia-tributaria\/","title":{"rendered":"Suport Associatiu adapta els seus programes al sistema SII de l\u2019Ag\u00e8ncia Tribut\u00e0ria"},"content":{"rendered":"<p>[et_pb_section bb_built=&#8221;1&#8243;][et_pb_row][et_pb_column type=&#8221;4_4&#8243;][et_pb_text _builder_version=&#8221;3.0.59&#8243; background_layout=&#8221;light&#8221; text_orientation=&#8221;left&#8221; border_style=&#8221;solid&#8221;]<\/p>\n<table id=\"taula_contingut\" cellspacing=\"0\" cellpadding=\"0\">\n<tbody>\n<tr>\n<td colspan=\"2\" valign=\"top\">\n<div id=\"contingut\" class=\"contingut_sense_imatge\">\n<p>A partir de l&#8217;<strong>1 de juliol del 2017\u00a0<\/strong>entra en vigor el nou sistema de liquidaci\u00f3 de l\u2019IVA a trav\u00e9s del\u00a0<strong>Subministrament Immediat d\u2019Informaci\u00f3 (SII)<\/strong>. Aquest procediment implica la\u00a0<strong>presentaci\u00f3 immediata a la seu electr\u00f2nica\u00a0<\/strong>de l\u2019Ag\u00e8ncia Tribut\u00e0ria dels registres de facturaci\u00f3 (i no pr\u00f2piament de les factures) en un termini de 4 dies laborables. Excepcionalment, fins el 31 de desembre del 2017, aquest termini s\u2019allargar\u00e0 a 8 dies laborables.<\/p>\n<p><strong>Estan obligades<\/strong>\u00a0a aplicar aquest nou sistema les entitats que:<\/p>\n<ul>\n<li>Tinguin un volum de facturaci\u00f3 superior a 6 milions d\u2019euros anuals.<\/li>\n<li>Estiguin adscrites al REDEME (Registre de Devoluci\u00f3 Mensual de l\u2019IVA) o al R\u00e8gim diferit d\u2019importaci\u00f3 de b\u00e9ns.<\/li>\n<li>Pertanyin al R\u00e8gim de Grups d&#8217;IVA.<\/li>\n<\/ul>\n<p>Tamb\u00e9 poden aplicar-lo les organitzacions que no compleixin aquests criteris per\u00f2 que ho sol\u00b7licitin volunt\u00e0riament.<\/p>\n<p>Amb la utilitzaci\u00f3 del SII<strong>\u00a0no caldr\u00e0 presentar els models 347<\/strong>\u00a0(operacions amb terceres persones),\u00a0<strong>340<\/strong>\u00a0(llibres de registre) ni\u00a0<strong>390<\/strong>\u00a0(resum anual de l\u2019IVA).<br \/>\n<u><strong><\/p>\n<p>Necessites aplicar el sistema SII a la teva gesti\u00f3? T&#8217;ajudem a fer-ho!<\/strong><\/u><\/p>\n<p>Davant aquest canvi, Suport Associatiu ha adaptat tot el seu programari de gesti\u00f3 a la nova normativa. Les\u00a0<strong>entitats que ja siguin s\u00f2cies del Club de Suport<\/strong>\u00a0i hagin d\u2019aplicar aquest sistema, poden ja\u00a0<strong>sol\u00b7licitar i instal\u00b7lar el nou m\u00f2dul SII<\/strong>. Sobre aquesta eina cal destacar que:<\/p>\n<ul>\n<li style=\"list-style-type: none;\">\n<ul>\n<li>Est\u00e0 vinculada amb els nostres programes habituals de gesti\u00f3 (Comptabilitat, Gesti\u00f3 de Socis i Facturaci\u00f3) i permet\u00a0<strong>capturar i traslladar la informaci\u00f3 de forma r\u00e0pida i directa a l\u2019AEAT<\/strong>\u00a0o bloquejar-la per a la nostra revisi\u00f3 i confirmaci\u00f3 final.<\/li>\n<li>Facilita la\u00a0<strong>validaci\u00f3 de les dades<\/strong>\u00a0dels clients, dels associats o dels prove\u00efdors, comparant-les directament amb les dades fiscals registrades a l\u2019AEAT. Aix\u00f2 ens\u00a0<strong>permet la correcci\u00f3 massiva d\u2019errors<\/strong>\u00a0en les factures o en les dades de socis\/clients.<\/li>\n<li>Possibilita\u00a0<strong>certificar<\/strong>, mitjan\u00e7ant la signatura digital de l\u2019entitat, tota la informaci\u00f3 i xifrar-la en el mateix moment que surt del m\u00f2dul i accedeix a la xarxa. D\u2019aquesta manera, les dades es mantenen en l\u2019anonimat i amb m\u00e0xima seguretat des del punt inicial de creaci\u00f3.<\/li>\n<\/ul>\n<\/li>\n<\/ul>\n<p>Per tant, mentre altres aplicacions nom\u00e9s compleixen amb l&#8217;obligaci\u00f3 de realitzar l\u2019enviament, el\u00a0<strong>nou m\u00f2dul SII de Suport Associatiu valida, corregeix, certifica i envia tota la informaci\u00f3<\/strong>\u00a0necess\u00e0ria per complir al 100% amb les noves exig\u00e8ncies fiscals.<\/p>\n<p>Per\u00a0<strong>sol\u00b7licitar el m\u00f2dul o demanar assessorament\u00a0<\/strong>per a la seva aplicaci\u00f3, contacteu amb\u00a0<strong><a href=\"mailto:informatic@suport.org\" target=\"_blank\" rel=\"noopener\">informatic@suport.org<\/a><\/strong>\u00a0o\u00a0<a href=\"mailto:sserrano@fundesplai.org\" target=\"_blank\" rel=\"noopener\"><strong>sserrano@fundesplai.org<\/strong><\/a>.<\/p>\n<\/div>\n<\/td>\n<\/tr>\n<\/tbody>\n<\/table>\n<p>[\/et_pb_text][\/et_pb_column][\/et_pb_row][\/et_pb_section]<\/p>\n","protected":false},"excerpt":{"rendered":"<p><div class=\"et_pb_row et_pb_row_0 et_pb_row_empty\">\n\t\t\t\t\n\t\t\t\t\n\t\t\t\t\n\t\t\t\t\n\t\t\t\t\n\t\t\t<\/div> A partir de l&#8217;1 de juliol del 2017\u00a0entra en vigor el nou sistema de liquidaci\u00f3 de l\u2019IVA a trav\u00e9s del\u00a0Subministrament Immediat d\u2019Informaci\u00f3 (SII). Aquest procediment implica la\u00a0presentaci\u00f3 immediata a la seu electr\u00f2nica\u00a0de l\u2019Ag\u00e8ncia Tribut\u00e0ria dels registres de facturaci\u00f3 (i no pr\u00f2piament de les factures) en un termini de 4 dies laborables. Excepcionalment, fins el [&hellip;]<\/p>\n","protected":false},"author":5,"featured_media":602,"comment_status":"open","ping_status":"open","sticky":false,"template":"","format":"standard","meta":{"_et_pb_use_builder":"on","_et_pb_old_content":"","_et_gb_content_width":"","footnotes":""},"categories":[12,8],"tags":[],"class_list":["post-600","post","type-post","status-publish","format-standard","has-post-thumbnail","hentry","category-12","category-canal-suport"],"yoast_head":"<!-- This site is optimized with the Yoast SEO plugin v27.5 - https:\/\/yoast.com\/product\/yoast-seo-wordpress\/ -->\n<title>Suport Associatiu adapta els seus programes al sistema SII de l\u2019Ag\u00e8ncia Tribut\u00e0ria - Canals Electr\u00f2nics<\/title>\n<meta name=\"robots\" content=\"noindex, follow, max-snippet:-1, max-image-preview:large, max-video-preview:-1\" \/>\n<meta property=\"og:locale\" content=\"ca_ES\" \/>\n<meta property=\"og:type\" content=\"article\" \/>\n<meta property=\"og:title\" content=\"Suport Associatiu adapta els seus programes al sistema SII de l\u2019Ag\u00e8ncia Tribut\u00e0ria - Canals Electr\u00f2nics\" \/>\n<meta property=\"og:description\" content=\"A partir de l&#039;1 de juliol del 2017\u00a0entra en vigor el nou sistema de liquidaci\u00f3 de l\u2019IVA a trav\u00e9s del\u00a0Subministrament Immediat d\u2019Informaci\u00f3 (SII). Aquest procediment implica la\u00a0presentaci\u00f3 immediata a la seu electr\u00f2nica\u00a0de l\u2019Ag\u00e8ncia Tribut\u00e0ria dels registres de facturaci\u00f3 (i no pr\u00f2piament de les factures) en un termini de 4 dies laborables. Excepcionalment, fins el [&hellip;]\" \/>\n<meta property=\"og:url\" content=\"https:\/\/projectes.fundesplai.org\/canals\/2017\/07\/05\/suport-associatiu-adapta-els-seus-programes-al-sistema-sii-de-lagencia-tributaria\/\" \/>\n<meta property=\"og:site_name\" content=\"Canals Electr\u00f2nics\" \/>\n<meta property=\"article:publisher\" content=\"https:\/\/www.facebook.com\/Fundesplai\/\" \/>\n<meta property=\"article:published_time\" content=\"2017-07-05T09:27:41+00:00\" \/>\n<meta property=\"og:image\" content=\"https:\/\/projectes.fundesplai.org\/canals\/wp-content\/uploads\/sites\/44\/2017\/07\/SII.jpg\" \/>\n\t<meta property=\"og:image:width\" content=\"478\" \/>\n\t<meta property=\"og:image:height\" content=\"193\" \/>\n\t<meta property=\"og:image:type\" content=\"image\/jpeg\" \/>\n<meta name=\"author\" content=\"Alfons Valle\" \/>\n<meta name=\"twitter:card\" content=\"summary_large_image\" \/>\n<meta name=\"twitter:creator\" content=\"@fundesplai\" \/>\n<meta name=\"twitter:site\" content=\"@fundesplai\" \/>\n<meta name=\"twitter:label1\" content=\"Escrit per\" \/>\n\t<meta name=\"twitter:data1\" content=\"Alfons Valle\" \/>\n\t<meta name=\"twitter:label2\" content=\"Temps estimat de lectura\" \/>\n\t<meta name=\"twitter:data2\" content=\"2 minuts\" \/>\n<script type=\"application\/ld+json\" class=\"yoast-schema-graph\">{\"@context\":\"https:\\\/\\\/schema.org\",\"@graph\":[{\"@type\":\"Article\",\"@id\":\"https:\\\/\\\/projectes.fundesplai.org\\\/canals\\\/2017\\\/07\\\/05\\\/suport-associatiu-adapta-els-seus-programes-al-sistema-sii-de-lagencia-tributaria\\\/#article\",\"isPartOf\":{\"@id\":\"https:\\\/\\\/projectes.fundesplai.org\\\/canals\\\/2017\\\/07\\\/05\\\/suport-associatiu-adapta-els-seus-programes-al-sistema-sii-de-lagencia-tributaria\\\/\"},\"author\":{\"name\":\"Alfons Valle\",\"@id\":\"https:\\\/\\\/projectes.fundesplai.org\\\/canals\\\/#\\\/schema\\\/person\\\/fff8e0ddab6d894f768c9a6c306ad6df\"},\"headline\":\"Suport Associatiu adapta els seus programes al sistema SII de l\u2019Ag\u00e8ncia Tribut\u00e0ria\",\"datePublished\":\"2017-07-05T09:27:41+00:00\",\"mainEntityOfPage\":{\"@id\":\"https:\\\/\\\/projectes.fundesplai.org\\\/canals\\\/2017\\\/07\\\/05\\\/suport-associatiu-adapta-els-seus-programes-al-sistema-sii-de-lagencia-tributaria\\\/\"},\"wordCount\":480,\"commentCount\":0,\"publisher\":{\"@id\":\"https:\\\/\\\/projectes.fundesplai.org\\\/canals\\\/#organization\"},\"image\":{\"@id\":\"https:\\\/\\\/projectes.fundesplai.org\\\/canals\\\/2017\\\/07\\\/05\\\/suport-associatiu-adapta-els-seus-programes-al-sistema-sii-de-lagencia-tributaria\\\/#primaryimage\"},\"thumbnailUrl\":\"https:\\\/\\\/projectes.fundesplai.org\\\/canals\\\/wp-content\\\/uploads\\\/sites\\\/44\\\/2017\\\/07\\\/SII.jpg\",\"articleSection\":[\"2017\",\"Canal Suport\"],\"inLanguage\":\"ca\",\"potentialAction\":[{\"@type\":\"CommentAction\",\"name\":\"Comment\",\"target\":[\"https:\\\/\\\/projectes.fundesplai.org\\\/canals\\\/2017\\\/07\\\/05\\\/suport-associatiu-adapta-els-seus-programes-al-sistema-sii-de-lagencia-tributaria\\\/#respond\"]}]},{\"@type\":\"WebPage\",\"@id\":\"https:\\\/\\\/projectes.fundesplai.org\\\/canals\\\/2017\\\/07\\\/05\\\/suport-associatiu-adapta-els-seus-programes-al-sistema-sii-de-lagencia-tributaria\\\/\",\"url\":\"https:\\\/\\\/projectes.fundesplai.org\\\/canals\\\/2017\\\/07\\\/05\\\/suport-associatiu-adapta-els-seus-programes-al-sistema-sii-de-lagencia-tributaria\\\/\",\"name\":\"Suport Associatiu adapta els seus programes al sistema SII de l\u2019Ag\u00e8ncia Tribut\u00e0ria - Canals Electr\u00f2nics\",\"isPartOf\":{\"@id\":\"https:\\\/\\\/projectes.fundesplai.org\\\/canals\\\/#website\"},\"primaryImageOfPage\":{\"@id\":\"https:\\\/\\\/projectes.fundesplai.org\\\/canals\\\/2017\\\/07\\\/05\\\/suport-associatiu-adapta-els-seus-programes-al-sistema-sii-de-lagencia-tributaria\\\/#primaryimage\"},\"image\":{\"@id\":\"https:\\\/\\\/projectes.fundesplai.org\\\/canals\\\/2017\\\/07\\\/05\\\/suport-associatiu-adapta-els-seus-programes-al-sistema-sii-de-lagencia-tributaria\\\/#primaryimage\"},\"thumbnailUrl\":\"https:\\\/\\\/projectes.fundesplai.org\\\/canals\\\/wp-content\\\/uploads\\\/sites\\\/44\\\/2017\\\/07\\\/SII.jpg\",\"datePublished\":\"2017-07-05T09:27:41+00:00\",\"breadcrumb\":{\"@id\":\"https:\\\/\\\/projectes.fundesplai.org\\\/canals\\\/2017\\\/07\\\/05\\\/suport-associatiu-adapta-els-seus-programes-al-sistema-sii-de-lagencia-tributaria\\\/#breadcrumb\"},\"inLanguage\":\"ca\",\"potentialAction\":[{\"@type\":\"ReadAction\",\"target\":[\"https:\\\/\\\/projectes.fundesplai.org\\\/canals\\\/2017\\\/07\\\/05\\\/suport-associatiu-adapta-els-seus-programes-al-sistema-sii-de-lagencia-tributaria\\\/\"]}]},{\"@type\":\"ImageObject\",\"inLanguage\":\"ca\",\"@id\":\"https:\\\/\\\/projectes.fundesplai.org\\\/canals\\\/2017\\\/07\\\/05\\\/suport-associatiu-adapta-els-seus-programes-al-sistema-sii-de-lagencia-tributaria\\\/#primaryimage\",\"url\":\"https:\\\/\\\/projectes.fundesplai.org\\\/canals\\\/wp-content\\\/uploads\\\/sites\\\/44\\\/2017\\\/07\\\/SII.jpg\",\"contentUrl\":\"https:\\\/\\\/projectes.fundesplai.org\\\/canals\\\/wp-content\\\/uploads\\\/sites\\\/44\\\/2017\\\/07\\\/SII.jpg\",\"width\":478,\"height\":193},{\"@type\":\"BreadcrumbList\",\"@id\":\"https:\\\/\\\/projectes.fundesplai.org\\\/canals\\\/2017\\\/07\\\/05\\\/suport-associatiu-adapta-els-seus-programes-al-sistema-sii-de-lagencia-tributaria\\\/#breadcrumb\",\"itemListElement\":[{\"@type\":\"ListItem\",\"position\":1,\"name\":\"Inici\",\"item\":\"https:\\\/\\\/projectes.fundesplai.org\\\/canals\\\/\"},{\"@type\":\"ListItem\",\"position\":2,\"name\":\"Suport Associatiu adapta els seus programes al sistema SII de l\u2019Ag\u00e8ncia Tribut\u00e0ria\"}]},{\"@type\":\"WebSite\",\"@id\":\"https:\\\/\\\/projectes.fundesplai.org\\\/canals\\\/#website\",\"url\":\"https:\\\/\\\/projectes.fundesplai.org\\\/canals\\\/\",\"name\":\"Blogs de Fundesplai\",\"description\":\"Un projecte de la Fundaci\u00f3 Catalana de l\\\\&#039;Esplai\",\"publisher\":{\"@id\":\"https:\\\/\\\/projectes.fundesplai.org\\\/canals\\\/#organization\"},\"potentialAction\":[{\"@type\":\"SearchAction\",\"target\":{\"@type\":\"EntryPoint\",\"urlTemplate\":\"https:\\\/\\\/projectes.fundesplai.org\\\/canals\\\/?s={search_term_string}\"},\"query-input\":{\"@type\":\"PropertyValueSpecification\",\"valueRequired\":true,\"valueName\":\"search_term_string\"}}],\"inLanguage\":\"ca\"},{\"@type\":\"Organization\",\"@id\":\"https:\\\/\\\/projectes.fundesplai.org\\\/canals\\\/#organization\",\"name\":\"Fundesplai\",\"url\":\"https:\\\/\\\/projectes.fundesplai.org\\\/canals\\\/\",\"logo\":{\"@type\":\"ImageObject\",\"inLanguage\":\"ca\",\"@id\":\"https:\\\/\\\/projectes.fundesplai.org\\\/canals\\\/#\\\/schema\\\/logo\\\/image\\\/\",\"url\":\"https:\\\/\\\/projectes.fundesplai.org\\\/canals\\\/wp-content\\\/uploads\\\/sites\\\/44\\\/2018\\\/10\\\/Avatar_Fundesplai.jpg\",\"contentUrl\":\"https:\\\/\\\/projectes.fundesplai.org\\\/canals\\\/wp-content\\\/uploads\\\/sites\\\/44\\\/2018\\\/10\\\/Avatar_Fundesplai.jpg\",\"width\":510,\"height\":510,\"caption\":\"Fundesplai\"},\"image\":{\"@id\":\"https:\\\/\\\/projectes.fundesplai.org\\\/canals\\\/#\\\/schema\\\/logo\\\/image\\\/\"},\"sameAs\":[\"https:\\\/\\\/www.facebook.com\\\/Fundesplai\\\/\",\"https:\\\/\\\/x.com\\\/fundesplai\",\"https:\\\/\\\/www.instagram.com\\\/fundesplai\\\/\",\"https:\\\/\\\/www.linkedin.com\\\/company\\\/fundesplai\\\/\",\"https:\\\/\\\/www.pinterest.es\\\/fundesplai\",\"https:\\\/\\\/www.youtube.com\\\/user\\\/Fundacioesplai\"]},{\"@type\":\"Person\",\"@id\":\"https:\\\/\\\/projectes.fundesplai.org\\\/canals\\\/#\\\/schema\\\/person\\\/fff8e0ddab6d894f768c9a6c306ad6df\",\"name\":\"Alfons Valle\",\"image\":{\"@type\":\"ImageObject\",\"inLanguage\":\"ca\",\"@id\":\"https:\\\/\\\/secure.gravatar.com\\\/avatar\\\/71d95a3f99a068ba570ac1314ed6911a59c5ae3f22ffcf23631cd1a861a640bc?s=96&d=mm&r=g\",\"url\":\"https:\\\/\\\/secure.gravatar.com\\\/avatar\\\/71d95a3f99a068ba570ac1314ed6911a59c5ae3f22ffcf23631cd1a861a640bc?s=96&d=mm&r=g\",\"contentUrl\":\"https:\\\/\\\/secure.gravatar.com\\\/avatar\\\/71d95a3f99a068ba570ac1314ed6911a59c5ae3f22ffcf23631cd1a861a640bc?s=96&d=mm&r=g\",\"caption\":\"Alfons Valle\"},\"url\":\"https:\\\/\\\/projectes.fundesplai.org\\\/canals\\\/author\\\/avalle\\\/\"}]}<\/script>\n<!-- \/ Yoast SEO plugin. -->","yoast_head_json":{"title":"Suport Associatiu adapta els seus programes al sistema SII de l\u2019Ag\u00e8ncia Tribut\u00e0ria - Canals Electr\u00f2nics","robots":{"index":"noindex","follow":"follow","max-snippet":"max-snippet:-1","max-image-preview":"max-image-preview:large","max-video-preview":"max-video-preview:-1"},"og_locale":"ca_ES","og_type":"article","og_title":"Suport Associatiu adapta els seus programes al sistema SII de l\u2019Ag\u00e8ncia Tribut\u00e0ria - Canals Electr\u00f2nics","og_description":"A partir de l'1 de juliol del 2017\u00a0entra en vigor el nou sistema de liquidaci\u00f3 de l\u2019IVA a trav\u00e9s del\u00a0Subministrament Immediat d\u2019Informaci\u00f3 (SII). Aquest procediment implica la\u00a0presentaci\u00f3 immediata a la seu electr\u00f2nica\u00a0de l\u2019Ag\u00e8ncia Tribut\u00e0ria dels registres de facturaci\u00f3 (i no pr\u00f2piament de les factures) en un termini de 4 dies laborables. Excepcionalment, fins el [&hellip;]","og_url":"https:\/\/projectes.fundesplai.org\/canals\/2017\/07\/05\/suport-associatiu-adapta-els-seus-programes-al-sistema-sii-de-lagencia-tributaria\/","og_site_name":"Canals Electr\u00f2nics","article_publisher":"https:\/\/www.facebook.com\/Fundesplai\/","article_published_time":"2017-07-05T09:27:41+00:00","og_image":[{"width":478,"height":193,"url":"https:\/\/projectes.fundesplai.org\/canals\/wp-content\/uploads\/sites\/44\/2017\/07\/SII.jpg","type":"image\/jpeg"}],"author":"Alfons Valle","twitter_card":"summary_large_image","twitter_creator":"@fundesplai","twitter_site":"@fundesplai","twitter_misc":{"Escrit per":"Alfons Valle","Temps estimat de lectura":"2 minuts"},"schema":{"@context":"https:\/\/schema.org","@graph":[{"@type":"Article","@id":"https:\/\/projectes.fundesplai.org\/canals\/2017\/07\/05\/suport-associatiu-adapta-els-seus-programes-al-sistema-sii-de-lagencia-tributaria\/#article","isPartOf":{"@id":"https:\/\/projectes.fundesplai.org\/canals\/2017\/07\/05\/suport-associatiu-adapta-els-seus-programes-al-sistema-sii-de-lagencia-tributaria\/"},"author":{"name":"Alfons Valle","@id":"https:\/\/projectes.fundesplai.org\/canals\/#\/schema\/person\/fff8e0ddab6d894f768c9a6c306ad6df"},"headline":"Suport Associatiu adapta els seus programes al sistema SII de l\u2019Ag\u00e8ncia Tribut\u00e0ria","datePublished":"2017-07-05T09:27:41+00:00","mainEntityOfPage":{"@id":"https:\/\/projectes.fundesplai.org\/canals\/2017\/07\/05\/suport-associatiu-adapta-els-seus-programes-al-sistema-sii-de-lagencia-tributaria\/"},"wordCount":480,"commentCount":0,"publisher":{"@id":"https:\/\/projectes.fundesplai.org\/canals\/#organization"},"image":{"@id":"https:\/\/projectes.fundesplai.org\/canals\/2017\/07\/05\/suport-associatiu-adapta-els-seus-programes-al-sistema-sii-de-lagencia-tributaria\/#primaryimage"},"thumbnailUrl":"https:\/\/projectes.fundesplai.org\/canals\/wp-content\/uploads\/sites\/44\/2017\/07\/SII.jpg","articleSection":["2017","Canal Suport"],"inLanguage":"ca","potentialAction":[{"@type":"CommentAction","name":"Comment","target":["https:\/\/projectes.fundesplai.org\/canals\/2017\/07\/05\/suport-associatiu-adapta-els-seus-programes-al-sistema-sii-de-lagencia-tributaria\/#respond"]}]},{"@type":"WebPage","@id":"https:\/\/projectes.fundesplai.org\/canals\/2017\/07\/05\/suport-associatiu-adapta-els-seus-programes-al-sistema-sii-de-lagencia-tributaria\/","url":"https:\/\/projectes.fundesplai.org\/canals\/2017\/07\/05\/suport-associatiu-adapta-els-seus-programes-al-sistema-sii-de-lagencia-tributaria\/","name":"Suport Associatiu adapta els seus programes al sistema SII de l\u2019Ag\u00e8ncia Tribut\u00e0ria - Canals Electr\u00f2nics","isPartOf":{"@id":"https:\/\/projectes.fundesplai.org\/canals\/#website"},"primaryImageOfPage":{"@id":"https:\/\/projectes.fundesplai.org\/canals\/2017\/07\/05\/suport-associatiu-adapta-els-seus-programes-al-sistema-sii-de-lagencia-tributaria\/#primaryimage"},"image":{"@id":"https:\/\/projectes.fundesplai.org\/canals\/2017\/07\/05\/suport-associatiu-adapta-els-seus-programes-al-sistema-sii-de-lagencia-tributaria\/#primaryimage"},"thumbnailUrl":"https:\/\/projectes.fundesplai.org\/canals\/wp-content\/uploads\/sites\/44\/2017\/07\/SII.jpg","datePublished":"2017-07-05T09:27:41+00:00","breadcrumb":{"@id":"https:\/\/projectes.fundesplai.org\/canals\/2017\/07\/05\/suport-associatiu-adapta-els-seus-programes-al-sistema-sii-de-lagencia-tributaria\/#breadcrumb"},"inLanguage":"ca","potentialAction":[{"@type":"ReadAction","target":["https:\/\/projectes.fundesplai.org\/canals\/2017\/07\/05\/suport-associatiu-adapta-els-seus-programes-al-sistema-sii-de-lagencia-tributaria\/"]}]},{"@type":"ImageObject","inLanguage":"ca","@id":"https:\/\/projectes.fundesplai.org\/canals\/2017\/07\/05\/suport-associatiu-adapta-els-seus-programes-al-sistema-sii-de-lagencia-tributaria\/#primaryimage","url":"https:\/\/projectes.fundesplai.org\/canals\/wp-content\/uploads\/sites\/44\/2017\/07\/SII.jpg","contentUrl":"https:\/\/projectes.fundesplai.org\/canals\/wp-content\/uploads\/sites\/44\/2017\/07\/SII.jpg","width":478,"height":193},{"@type":"BreadcrumbList","@id":"https:\/\/projectes.fundesplai.org\/canals\/2017\/07\/05\/suport-associatiu-adapta-els-seus-programes-al-sistema-sii-de-lagencia-tributaria\/#breadcrumb","itemListElement":[{"@type":"ListItem","position":1,"name":"Inici","item":"https:\/\/projectes.fundesplai.org\/canals\/"},{"@type":"ListItem","position":2,"name":"Suport Associatiu adapta els seus programes al sistema SII de l\u2019Ag\u00e8ncia Tribut\u00e0ria"}]},{"@type":"WebSite","@id":"https:\/\/projectes.fundesplai.org\/canals\/#website","url":"https:\/\/projectes.fundesplai.org\/canals\/","name":"Blogs de Fundesplai","description":"Un projecte de la Fundaci\u00f3 Catalana de l\\&#039;Esplai","publisher":{"@id":"https:\/\/projectes.fundesplai.org\/canals\/#organization"},"potentialAction":[{"@type":"SearchAction","target":{"@type":"EntryPoint","urlTemplate":"https:\/\/projectes.fundesplai.org\/canals\/?s={search_term_string}"},"query-input":{"@type":"PropertyValueSpecification","valueRequired":true,"valueName":"search_term_string"}}],"inLanguage":"ca"},{"@type":"Organization","@id":"https:\/\/projectes.fundesplai.org\/canals\/#organization","name":"Fundesplai","url":"https:\/\/projectes.fundesplai.org\/canals\/","logo":{"@type":"ImageObject","inLanguage":"ca","@id":"https:\/\/projectes.fundesplai.org\/canals\/#\/schema\/logo\/image\/","url":"https:\/\/projectes.fundesplai.org\/canals\/wp-content\/uploads\/sites\/44\/2018\/10\/Avatar_Fundesplai.jpg","contentUrl":"https:\/\/projectes.fundesplai.org\/canals\/wp-content\/uploads\/sites\/44\/2018\/10\/Avatar_Fundesplai.jpg","width":510,"height":510,"caption":"Fundesplai"},"image":{"@id":"https:\/\/projectes.fundesplai.org\/canals\/#\/schema\/logo\/image\/"},"sameAs":["https:\/\/www.facebook.com\/Fundesplai\/","https:\/\/x.com\/fundesplai","https:\/\/www.instagram.com\/fundesplai\/","https:\/\/www.linkedin.com\/company\/fundesplai\/","https:\/\/www.pinterest.es\/fundesplai","https:\/\/www.youtube.com\/user\/Fundacioesplai"]},{"@type":"Person","@id":"https:\/\/projectes.fundesplai.org\/canals\/#\/schema\/person\/fff8e0ddab6d894f768c9a6c306ad6df","name":"Alfons Valle","image":{"@type":"ImageObject","inLanguage":"ca","@id":"https:\/\/secure.gravatar.com\/avatar\/71d95a3f99a068ba570ac1314ed6911a59c5ae3f22ffcf23631cd1a861a640bc?s=96&d=mm&r=g","url":"https:\/\/secure.gravatar.com\/avatar\/71d95a3f99a068ba570ac1314ed6911a59c5ae3f22ffcf23631cd1a861a640bc?s=96&d=mm&r=g","contentUrl":"https:\/\/secure.gravatar.com\/avatar\/71d95a3f99a068ba570ac1314ed6911a59c5ae3f22ffcf23631cd1a861a640bc?s=96&d=mm&r=g","caption":"Alfons Valle"},"url":"https:\/\/projectes.fundesplai.org\/canals\/author\/avalle\/"}]}},"_links":{"self":[{"href":"https:\/\/projectes.fundesplai.org\/canals\/wp-json\/wp\/v2\/posts\/600","targetHints":{"allow":["GET"]}}],"collection":[{"href":"https:\/\/projectes.fundesplai.org\/canals\/wp-json\/wp\/v2\/posts"}],"about":[{"href":"https:\/\/projectes.fundesplai.org\/canals\/wp-json\/wp\/v2\/types\/post"}],"author":[{"embeddable":true,"href":"https:\/\/projectes.fundesplai.org\/canals\/wp-json\/wp\/v2\/users\/5"}],"replies":[{"embeddable":true,"href":"https:\/\/projectes.fundesplai.org\/canals\/wp-json\/wp\/v2\/comments?post=600"}],"version-history":[{"count":1,"href":"https:\/\/projectes.fundesplai.org\/canals\/wp-json\/wp\/v2\/posts\/600\/revisions"}],"predecessor-version":[{"id":603,"href":"https:\/\/projectes.fundesplai.org\/canals\/wp-json\/wp\/v2\/posts\/600\/revisions\/603"}],"wp:featuredmedia":[{"embeddable":true,"href":"https:\/\/projectes.fundesplai.org\/canals\/wp-json\/wp\/v2\/media\/602"}],"wp:attachment":[{"href":"https:\/\/projectes.fundesplai.org\/canals\/wp-json\/wp\/v2\/media?parent=600"}],"wp:term":[{"taxonomy":"category","embeddable":true,"href":"https:\/\/projectes.fundesplai.org\/canals\/wp-json\/wp\/v2\/categories?post=600"},{"taxonomy":"post_tag","embeddable":true,"href":"https:\/\/projectes.fundesplai.org\/canals\/wp-json\/wp\/v2\/tags?post=600"}],"curies":[{"name":"wp","href":"https:\/\/api.w.org\/{rel}","templated":true}]}}