{"id":604,"date":"2017-07-05T11:28:54","date_gmt":"2017-07-05T09:28:54","guid":{"rendered":"http:\/\/projectes.fundesplai.org\/canals\/?p=604"},"modified":"2017-07-05T11:36:44","modified_gmt":"2017-07-05T09:36:44","slug":"les-entitats-ja-poden-presentar-limpost-de-societats","status":"publish","type":"post","link":"https:\/\/projectes.fundesplai.org\/canals\/2017\/07\/05\/les-entitats-ja-poden-presentar-limpost-de-societats\/","title":{"rendered":"Les entitats ja poden presentar l\u2019Impost de Societats"},"content":{"rendered":"<p>[et_pb_section bb_built=&#8221;1&#8243;][et_pb_row][et_pb_column type=&#8221;4_4&#8243;][et_pb_text _builder_version=&#8221;3.0.59&#8243; background_layout=&#8221;light&#8221; text_orientation=&#8221;left&#8221; border_style=&#8221;solid&#8221;]<\/p>\n<p><strong><a href=\"http:\/\/xarxanet.org\/economic\/recursos\/l-impost-de-societats-en-les-entitats-no-lucratives#2\" target=\"_blank\" rel=\"noopener\">L\u2019Impost de Societats (IS<\/a>)<\/strong>, el que grava la renda de les persones jur\u00eddiques i, per tant, tamb\u00e9 la de les entitats sense \u00e0nim de lucre, es pot presentar des d\u2019aquest 1 de juliol, a trav\u00e9s del programa PADIS, i fins el 25 de juliol.<\/p>\n<p>Per aquelles entitats que hagin de pagar i vulguin\u00a0<strong>domicilar el c\u00e0rrec<\/strong>, el termini finalitza el dia 20 de juliol.<\/p>\n<p>Seguint la normativa aplicada des de l\u2019any passat i establerta a la\u00a0<strong><a href=\"https:\/\/www.boe.es\/diario_boe\/txt.php?id=BOE-A-2015-11644\" target=\"_blank\" rel=\"noopener\">Llei 48\/2015 de 29 d\u2019octubre del 2015, de Pressupostos Generals de l\u2019Estat per a l\u2019any 2016<\/a><\/strong>, s\u2019han de complir\u00a0<strong>tres condicions<\/strong>\u00a0perqu\u00e8 una\u00a0<a href=\"http:\/\/xarxanet.org\/economic\/recursos\/l-impost-de-societats-en-les-entitats-no-lucratives#2\" target=\"_blank\" rel=\"noopener\"><strong>entitat parcialment excempta<\/strong><\/a>\u00a0pugui prescindir de declarar l\u2019impost:<\/p>\n<ul>\n<li>Que els seus ingressos no superin els\u00a0<strong>75.000 euros anuals<\/strong>.<\/li>\n<li>Que els seus ingressos\u00a0<strong>sotmesos a retenci\u00f3<\/strong>\u00a0no superin els\u00a0<strong>2.000 euros anuals<\/strong>.<\/li>\n<li>Que totes les\u00a0<strong>rendes no exemptes<\/strong>\u00a0que n\u2019obtinguin estiguin sotmeses a\u00a0<strong>retenci\u00f3<\/strong>.<\/li>\n<\/ul>\n<p>Per a la declaraci\u00f3 de l\u2019IS corresponent a\u00a0<strong>l\u2019exercici del 2016<\/strong>, s\u2019utilitza el\u00a0<strong><a href=\"https:\/\/www.agenciatributaria.gob.es\/AEAT.sede\/procedimientoini\/GE04.shtml\" target=\"_blank\" rel=\"noopener\">model 200<\/a>.<\/strong><\/p>\n<p>Les declaracions s\u2019han de presentar obligat\u00f2riament per<strong>\u00a0Internet\u00a0<\/strong>a trav\u00e9s de la seu electr\u00f2nica de<strong>\u00a0<a href=\"http:\/\/www.agenciatributaria.es\/AEAT.internet\/ca_es\/Inicio.shtml\" target=\"_blank\" rel=\"noopener\">l\u2019Ag\u00e8ncia Tribut\u00e0ria<\/a>,<\/strong>\u00a0utilitzant un\u00a0<a href=\"http:\/\/xarxanet.org\/economic\/recursos\/com-sollicitar-el-certificat-digital\" target=\"_blank\" rel=\"noopener\"><strong>certificat electr\u00f2nic<\/strong><\/a>\u00a0reconegut i amb la firma de la persona o persones que ostentin la representaci\u00f3 legal de l\u2019entitat.<\/p>\n<p>Aix\u00ed, no hi ha novetats que afectin les entitats sense \u00e0nim de lucre a l\u2019hora de tramitar l\u2019impost, ja que els \u00faltims canvis es van introduir fa dos anys, arran de la\u00a0<strong><a href=\"https:\/\/www.boe.es\/buscar\/act.php?id=BOE-A-2014-12328&amp;tn=1&amp;p=20151030&amp;vd=#a123\" target=\"_blank\" rel=\"noopener\">reforma fiscal<\/a><\/strong>\u00a0del novembre del 2014.<\/p>\n<p>Per a una explicaci\u00f3 m\u00e9s detallada, consulteu el recurs publicat a\u00a0<strong>Xarxanet<\/strong>titulat\u00a0<strong><a href=\"http:\/\/xarxanet.org\/economic\/recursos\/l-impost-de-societats-en-les-entitats-no-lucratives#2\" target=\"_blank\" rel=\"noopener\">\u201cL\u2019Impost de Societats en les entitats no lucratives\u201d<\/a><\/strong>.<\/p>\n<p>[\/et_pb_text][\/et_pb_column][\/et_pb_row][\/et_pb_section]<\/p>\n","protected":false},"excerpt":{"rendered":"<p><div class=\"et_pb_row et_pb_row_0 et_pb_row_empty\">\n\t\t\t\t\n\t\t\t\t\n\t\t\t\t\n\t\t\t\t\n\t\t\t\t\n\t\t\t<\/div> L\u2019Impost de Societats (IS), el que grava la renda de les persones jur\u00eddiques i, per tant, tamb\u00e9 la de les entitats sense \u00e0nim de lucre, es pot presentar des d\u2019aquest 1 de juliol, a trav\u00e9s del programa PADIS, i fins el 25 de juliol. Per aquelles entitats que hagin de pagar i vulguin\u00a0domicilar el [&hellip;]<\/p>\n","protected":false},"author":5,"featured_media":605,"comment_status":"open","ping_status":"open","sticky":false,"template":"","format":"standard","meta":{"_et_pb_use_builder":"on","_et_pb_old_content":"","_et_gb_content_width":"","footnotes":""},"categories":[12,8],"tags":[],"class_list":["post-604","post","type-post","status-publish","format-standard","has-post-thumbnail","hentry","category-12","category-canal-suport"],"yoast_head":"<!-- This site is optimized with the Yoast SEO plugin v27.5 - https:\/\/yoast.com\/product\/yoast-seo-wordpress\/ -->\n<title>Les entitats ja poden presentar l\u2019Impost de Societats - Canals Electr\u00f2nics<\/title>\n<meta name=\"robots\" content=\"noindex, follow, max-snippet:-1, max-image-preview:large, max-video-preview:-1\" \/>\n<meta property=\"og:locale\" content=\"ca_ES\" \/>\n<meta property=\"og:type\" content=\"article\" \/>\n<meta property=\"og:title\" content=\"Les entitats ja poden presentar l\u2019Impost de Societats - Canals Electr\u00f2nics\" \/>\n<meta property=\"og:description\" content=\"L\u2019Impost de Societats (IS), el que grava la renda de les persones jur\u00eddiques i, per tant, tamb\u00e9 la de les entitats sense \u00e0nim de lucre, es pot presentar des d\u2019aquest 1 de juliol, a trav\u00e9s del programa PADIS, i fins el 25 de juliol. Per aquelles entitats que hagin de pagar i vulguin\u00a0domicilar el [&hellip;]\" \/>\n<meta property=\"og:url\" content=\"https:\/\/projectes.fundesplai.org\/canals\/2017\/07\/05\/les-entitats-ja-poden-presentar-limpost-de-societats\/\" \/>\n<meta property=\"og:site_name\" content=\"Canals Electr\u00f2nics\" \/>\n<meta property=\"article:publisher\" content=\"https:\/\/www.facebook.com\/Fundesplai\/\" \/>\n<meta property=\"article:published_time\" content=\"2017-07-05T09:28:54+00:00\" \/>\n<meta property=\"article:modified_time\" content=\"2017-07-05T09:36:44+00:00\" \/>\n<meta property=\"og:image\" content=\"https:\/\/projectes.fundesplai.org\/canals\/wp-content\/uploads\/sites\/44\/2017\/07\/agencia-tributaria-pymes-1.jpg\" \/>\n\t<meta property=\"og:image:width\" content=\"272\" \/>\n\t<meta property=\"og:image:height\" content=\"169\" \/>\n\t<meta property=\"og:image:type\" content=\"image\/jpeg\" \/>\n<meta name=\"author\" content=\"Alfons Valle\" \/>\n<meta name=\"twitter:card\" content=\"summary_large_image\" \/>\n<meta name=\"twitter:creator\" content=\"@fundesplai\" \/>\n<meta name=\"twitter:site\" content=\"@fundesplai\" \/>\n<meta name=\"twitter:label1\" content=\"Escrit per\" \/>\n\t<meta name=\"twitter:data1\" content=\"Alfons Valle\" \/>\n\t<meta name=\"twitter:label2\" content=\"Temps estimat de lectura\" \/>\n\t<meta name=\"twitter:data2\" content=\"2 minuts\" \/>\n<script type=\"application\/ld+json\" class=\"yoast-schema-graph\">{\"@context\":\"https:\\\/\\\/schema.org\",\"@graph\":[{\"@type\":\"Article\",\"@id\":\"https:\\\/\\\/projectes.fundesplai.org\\\/canals\\\/2017\\\/07\\\/05\\\/les-entitats-ja-poden-presentar-limpost-de-societats\\\/#article\",\"isPartOf\":{\"@id\":\"https:\\\/\\\/projectes.fundesplai.org\\\/canals\\\/2017\\\/07\\\/05\\\/les-entitats-ja-poden-presentar-limpost-de-societats\\\/\"},\"author\":{\"name\":\"Alfons Valle\",\"@id\":\"https:\\\/\\\/projectes.fundesplai.org\\\/canals\\\/#\\\/schema\\\/person\\\/fff8e0ddab6d894f768c9a6c306ad6df\"},\"headline\":\"Les entitats ja poden presentar l\u2019Impost de Societats\",\"datePublished\":\"2017-07-05T09:28:54+00:00\",\"dateModified\":\"2017-07-05T09:36:44+00:00\",\"mainEntityOfPage\":{\"@id\":\"https:\\\/\\\/projectes.fundesplai.org\\\/canals\\\/2017\\\/07\\\/05\\\/les-entitats-ja-poden-presentar-limpost-de-societats\\\/\"},\"wordCount\":316,\"commentCount\":0,\"publisher\":{\"@id\":\"https:\\\/\\\/projectes.fundesplai.org\\\/canals\\\/#organization\"},\"image\":{\"@id\":\"https:\\\/\\\/projectes.fundesplai.org\\\/canals\\\/2017\\\/07\\\/05\\\/les-entitats-ja-poden-presentar-limpost-de-societats\\\/#primaryimage\"},\"thumbnailUrl\":\"https:\\\/\\\/projectes.fundesplai.org\\\/canals\\\/wp-content\\\/uploads\\\/sites\\\/44\\\/2017\\\/07\\\/agencia-tributaria-pymes-1.jpg\",\"articleSection\":[\"2017\",\"Canal Suport\"],\"inLanguage\":\"ca\",\"potentialAction\":[{\"@type\":\"CommentAction\",\"name\":\"Comment\",\"target\":[\"https:\\\/\\\/projectes.fundesplai.org\\\/canals\\\/2017\\\/07\\\/05\\\/les-entitats-ja-poden-presentar-limpost-de-societats\\\/#respond\"]}]},{\"@type\":\"WebPage\",\"@id\":\"https:\\\/\\\/projectes.fundesplai.org\\\/canals\\\/2017\\\/07\\\/05\\\/les-entitats-ja-poden-presentar-limpost-de-societats\\\/\",\"url\":\"https:\\\/\\\/projectes.fundesplai.org\\\/canals\\\/2017\\\/07\\\/05\\\/les-entitats-ja-poden-presentar-limpost-de-societats\\\/\",\"name\":\"Les entitats ja poden presentar l\u2019Impost de Societats - Canals Electr\u00f2nics\",\"isPartOf\":{\"@id\":\"https:\\\/\\\/projectes.fundesplai.org\\\/canals\\\/#website\"},\"primaryImageOfPage\":{\"@id\":\"https:\\\/\\\/projectes.fundesplai.org\\\/canals\\\/2017\\\/07\\\/05\\\/les-entitats-ja-poden-presentar-limpost-de-societats\\\/#primaryimage\"},\"image\":{\"@id\":\"https:\\\/\\\/projectes.fundesplai.org\\\/canals\\\/2017\\\/07\\\/05\\\/les-entitats-ja-poden-presentar-limpost-de-societats\\\/#primaryimage\"},\"thumbnailUrl\":\"https:\\\/\\\/projectes.fundesplai.org\\\/canals\\\/wp-content\\\/uploads\\\/sites\\\/44\\\/2017\\\/07\\\/agencia-tributaria-pymes-1.jpg\",\"datePublished\":\"2017-07-05T09:28:54+00:00\",\"dateModified\":\"2017-07-05T09:36:44+00:00\",\"breadcrumb\":{\"@id\":\"https:\\\/\\\/projectes.fundesplai.org\\\/canals\\\/2017\\\/07\\\/05\\\/les-entitats-ja-poden-presentar-limpost-de-societats\\\/#breadcrumb\"},\"inLanguage\":\"ca\",\"potentialAction\":[{\"@type\":\"ReadAction\",\"target\":[\"https:\\\/\\\/projectes.fundesplai.org\\\/canals\\\/2017\\\/07\\\/05\\\/les-entitats-ja-poden-presentar-limpost-de-societats\\\/\"]}]},{\"@type\":\"ImageObject\",\"inLanguage\":\"ca\",\"@id\":\"https:\\\/\\\/projectes.fundesplai.org\\\/canals\\\/2017\\\/07\\\/05\\\/les-entitats-ja-poden-presentar-limpost-de-societats\\\/#primaryimage\",\"url\":\"https:\\\/\\\/projectes.fundesplai.org\\\/canals\\\/wp-content\\\/uploads\\\/sites\\\/44\\\/2017\\\/07\\\/agencia-tributaria-pymes-1.jpg\",\"contentUrl\":\"https:\\\/\\\/projectes.fundesplai.org\\\/canals\\\/wp-content\\\/uploads\\\/sites\\\/44\\\/2017\\\/07\\\/agencia-tributaria-pymes-1.jpg\",\"width\":272,\"height\":169},{\"@type\":\"BreadcrumbList\",\"@id\":\"https:\\\/\\\/projectes.fundesplai.org\\\/canals\\\/2017\\\/07\\\/05\\\/les-entitats-ja-poden-presentar-limpost-de-societats\\\/#breadcrumb\",\"itemListElement\":[{\"@type\":\"ListItem\",\"position\":1,\"name\":\"Inici\",\"item\":\"https:\\\/\\\/projectes.fundesplai.org\\\/canals\\\/\"},{\"@type\":\"ListItem\",\"position\":2,\"name\":\"Les entitats ja poden presentar l\u2019Impost de Societats\"}]},{\"@type\":\"WebSite\",\"@id\":\"https:\\\/\\\/projectes.fundesplai.org\\\/canals\\\/#website\",\"url\":\"https:\\\/\\\/projectes.fundesplai.org\\\/canals\\\/\",\"name\":\"Blogs de Fundesplai\",\"description\":\"Un projecte de la Fundaci\u00f3 Catalana de l\\\\&#039;Esplai\",\"publisher\":{\"@id\":\"https:\\\/\\\/projectes.fundesplai.org\\\/canals\\\/#organization\"},\"potentialAction\":[{\"@type\":\"SearchAction\",\"target\":{\"@type\":\"EntryPoint\",\"urlTemplate\":\"https:\\\/\\\/projectes.fundesplai.org\\\/canals\\\/?s={search_term_string}\"},\"query-input\":{\"@type\":\"PropertyValueSpecification\",\"valueRequired\":true,\"valueName\":\"search_term_string\"}}],\"inLanguage\":\"ca\"},{\"@type\":\"Organization\",\"@id\":\"https:\\\/\\\/projectes.fundesplai.org\\\/canals\\\/#organization\",\"name\":\"Fundesplai\",\"url\":\"https:\\\/\\\/projectes.fundesplai.org\\\/canals\\\/\",\"logo\":{\"@type\":\"ImageObject\",\"inLanguage\":\"ca\",\"@id\":\"https:\\\/\\\/projectes.fundesplai.org\\\/canals\\\/#\\\/schema\\\/logo\\\/image\\\/\",\"url\":\"https:\\\/\\\/projectes.fundesplai.org\\\/canals\\\/wp-content\\\/uploads\\\/sites\\\/44\\\/2018\\\/10\\\/Avatar_Fundesplai.jpg\",\"contentUrl\":\"https:\\\/\\\/projectes.fundesplai.org\\\/canals\\\/wp-content\\\/uploads\\\/sites\\\/44\\\/2018\\\/10\\\/Avatar_Fundesplai.jpg\",\"width\":510,\"height\":510,\"caption\":\"Fundesplai\"},\"image\":{\"@id\":\"https:\\\/\\\/projectes.fundesplai.org\\\/canals\\\/#\\\/schema\\\/logo\\\/image\\\/\"},\"sameAs\":[\"https:\\\/\\\/www.facebook.com\\\/Fundesplai\\\/\",\"https:\\\/\\\/x.com\\\/fundesplai\",\"https:\\\/\\\/www.instagram.com\\\/fundesplai\\\/\",\"https:\\\/\\\/www.linkedin.com\\\/company\\\/fundesplai\\\/\",\"https:\\\/\\\/www.pinterest.es\\\/fundesplai\",\"https:\\\/\\\/www.youtube.com\\\/user\\\/Fundacioesplai\"]},{\"@type\":\"Person\",\"@id\":\"https:\\\/\\\/projectes.fundesplai.org\\\/canals\\\/#\\\/schema\\\/person\\\/fff8e0ddab6d894f768c9a6c306ad6df\",\"name\":\"Alfons Valle\",\"image\":{\"@type\":\"ImageObject\",\"inLanguage\":\"ca\",\"@id\":\"https:\\\/\\\/secure.gravatar.com\\\/avatar\\\/71d95a3f99a068ba570ac1314ed6911a59c5ae3f22ffcf23631cd1a861a640bc?s=96&d=mm&r=g\",\"url\":\"https:\\\/\\\/secure.gravatar.com\\\/avatar\\\/71d95a3f99a068ba570ac1314ed6911a59c5ae3f22ffcf23631cd1a861a640bc?s=96&d=mm&r=g\",\"contentUrl\":\"https:\\\/\\\/secure.gravatar.com\\\/avatar\\\/71d95a3f99a068ba570ac1314ed6911a59c5ae3f22ffcf23631cd1a861a640bc?s=96&d=mm&r=g\",\"caption\":\"Alfons Valle\"},\"url\":\"https:\\\/\\\/projectes.fundesplai.org\\\/canals\\\/author\\\/avalle\\\/\"}]}<\/script>\n<!-- \/ Yoast SEO plugin. -->","yoast_head_json":{"title":"Les entitats ja poden presentar l\u2019Impost de Societats - Canals Electr\u00f2nics","robots":{"index":"noindex","follow":"follow","max-snippet":"max-snippet:-1","max-image-preview":"max-image-preview:large","max-video-preview":"max-video-preview:-1"},"og_locale":"ca_ES","og_type":"article","og_title":"Les entitats ja poden presentar l\u2019Impost de Societats - Canals Electr\u00f2nics","og_description":"L\u2019Impost de Societats (IS), el que grava la renda de les persones jur\u00eddiques i, per tant, tamb\u00e9 la de les entitats sense \u00e0nim de lucre, es pot presentar des d\u2019aquest 1 de juliol, a trav\u00e9s del programa PADIS, i fins el 25 de juliol. Per aquelles entitats que hagin de pagar i vulguin\u00a0domicilar el [&hellip;]","og_url":"https:\/\/projectes.fundesplai.org\/canals\/2017\/07\/05\/les-entitats-ja-poden-presentar-limpost-de-societats\/","og_site_name":"Canals Electr\u00f2nics","article_publisher":"https:\/\/www.facebook.com\/Fundesplai\/","article_published_time":"2017-07-05T09:28:54+00:00","article_modified_time":"2017-07-05T09:36:44+00:00","og_image":[{"width":272,"height":169,"url":"https:\/\/projectes.fundesplai.org\/canals\/wp-content\/uploads\/sites\/44\/2017\/07\/agencia-tributaria-pymes-1.jpg","type":"image\/jpeg"}],"author":"Alfons Valle","twitter_card":"summary_large_image","twitter_creator":"@fundesplai","twitter_site":"@fundesplai","twitter_misc":{"Escrit per":"Alfons Valle","Temps estimat de lectura":"2 minuts"},"schema":{"@context":"https:\/\/schema.org","@graph":[{"@type":"Article","@id":"https:\/\/projectes.fundesplai.org\/canals\/2017\/07\/05\/les-entitats-ja-poden-presentar-limpost-de-societats\/#article","isPartOf":{"@id":"https:\/\/projectes.fundesplai.org\/canals\/2017\/07\/05\/les-entitats-ja-poden-presentar-limpost-de-societats\/"},"author":{"name":"Alfons Valle","@id":"https:\/\/projectes.fundesplai.org\/canals\/#\/schema\/person\/fff8e0ddab6d894f768c9a6c306ad6df"},"headline":"Les entitats ja poden presentar l\u2019Impost de Societats","datePublished":"2017-07-05T09:28:54+00:00","dateModified":"2017-07-05T09:36:44+00:00","mainEntityOfPage":{"@id":"https:\/\/projectes.fundesplai.org\/canals\/2017\/07\/05\/les-entitats-ja-poden-presentar-limpost-de-societats\/"},"wordCount":316,"commentCount":0,"publisher":{"@id":"https:\/\/projectes.fundesplai.org\/canals\/#organization"},"image":{"@id":"https:\/\/projectes.fundesplai.org\/canals\/2017\/07\/05\/les-entitats-ja-poden-presentar-limpost-de-societats\/#primaryimage"},"thumbnailUrl":"https:\/\/projectes.fundesplai.org\/canals\/wp-content\/uploads\/sites\/44\/2017\/07\/agencia-tributaria-pymes-1.jpg","articleSection":["2017","Canal Suport"],"inLanguage":"ca","potentialAction":[{"@type":"CommentAction","name":"Comment","target":["https:\/\/projectes.fundesplai.org\/canals\/2017\/07\/05\/les-entitats-ja-poden-presentar-limpost-de-societats\/#respond"]}]},{"@type":"WebPage","@id":"https:\/\/projectes.fundesplai.org\/canals\/2017\/07\/05\/les-entitats-ja-poden-presentar-limpost-de-societats\/","url":"https:\/\/projectes.fundesplai.org\/canals\/2017\/07\/05\/les-entitats-ja-poden-presentar-limpost-de-societats\/","name":"Les entitats ja poden presentar l\u2019Impost de Societats - Canals Electr\u00f2nics","isPartOf":{"@id":"https:\/\/projectes.fundesplai.org\/canals\/#website"},"primaryImageOfPage":{"@id":"https:\/\/projectes.fundesplai.org\/canals\/2017\/07\/05\/les-entitats-ja-poden-presentar-limpost-de-societats\/#primaryimage"},"image":{"@id":"https:\/\/projectes.fundesplai.org\/canals\/2017\/07\/05\/les-entitats-ja-poden-presentar-limpost-de-societats\/#primaryimage"},"thumbnailUrl":"https:\/\/projectes.fundesplai.org\/canals\/wp-content\/uploads\/sites\/44\/2017\/07\/agencia-tributaria-pymes-1.jpg","datePublished":"2017-07-05T09:28:54+00:00","dateModified":"2017-07-05T09:36:44+00:00","breadcrumb":{"@id":"https:\/\/projectes.fundesplai.org\/canals\/2017\/07\/05\/les-entitats-ja-poden-presentar-limpost-de-societats\/#breadcrumb"},"inLanguage":"ca","potentialAction":[{"@type":"ReadAction","target":["https:\/\/projectes.fundesplai.org\/canals\/2017\/07\/05\/les-entitats-ja-poden-presentar-limpost-de-societats\/"]}]},{"@type":"ImageObject","inLanguage":"ca","@id":"https:\/\/projectes.fundesplai.org\/canals\/2017\/07\/05\/les-entitats-ja-poden-presentar-limpost-de-societats\/#primaryimage","url":"https:\/\/projectes.fundesplai.org\/canals\/wp-content\/uploads\/sites\/44\/2017\/07\/agencia-tributaria-pymes-1.jpg","contentUrl":"https:\/\/projectes.fundesplai.org\/canals\/wp-content\/uploads\/sites\/44\/2017\/07\/agencia-tributaria-pymes-1.jpg","width":272,"height":169},{"@type":"BreadcrumbList","@id":"https:\/\/projectes.fundesplai.org\/canals\/2017\/07\/05\/les-entitats-ja-poden-presentar-limpost-de-societats\/#breadcrumb","itemListElement":[{"@type":"ListItem","position":1,"name":"Inici","item":"https:\/\/projectes.fundesplai.org\/canals\/"},{"@type":"ListItem","position":2,"name":"Les entitats ja poden presentar l\u2019Impost de Societats"}]},{"@type":"WebSite","@id":"https:\/\/projectes.fundesplai.org\/canals\/#website","url":"https:\/\/projectes.fundesplai.org\/canals\/","name":"Blogs de Fundesplai","description":"Un projecte de la Fundaci\u00f3 Catalana de l\\&#039;Esplai","publisher":{"@id":"https:\/\/projectes.fundesplai.org\/canals\/#organization"},"potentialAction":[{"@type":"SearchAction","target":{"@type":"EntryPoint","urlTemplate":"https:\/\/projectes.fundesplai.org\/canals\/?s={search_term_string}"},"query-input":{"@type":"PropertyValueSpecification","valueRequired":true,"valueName":"search_term_string"}}],"inLanguage":"ca"},{"@type":"Organization","@id":"https:\/\/projectes.fundesplai.org\/canals\/#organization","name":"Fundesplai","url":"https:\/\/projectes.fundesplai.org\/canals\/","logo":{"@type":"ImageObject","inLanguage":"ca","@id":"https:\/\/projectes.fundesplai.org\/canals\/#\/schema\/logo\/image\/","url":"https:\/\/projectes.fundesplai.org\/canals\/wp-content\/uploads\/sites\/44\/2018\/10\/Avatar_Fundesplai.jpg","contentUrl":"https:\/\/projectes.fundesplai.org\/canals\/wp-content\/uploads\/sites\/44\/2018\/10\/Avatar_Fundesplai.jpg","width":510,"height":510,"caption":"Fundesplai"},"image":{"@id":"https:\/\/projectes.fundesplai.org\/canals\/#\/schema\/logo\/image\/"},"sameAs":["https:\/\/www.facebook.com\/Fundesplai\/","https:\/\/x.com\/fundesplai","https:\/\/www.instagram.com\/fundesplai\/","https:\/\/www.linkedin.com\/company\/fundesplai\/","https:\/\/www.pinterest.es\/fundesplai","https:\/\/www.youtube.com\/user\/Fundacioesplai"]},{"@type":"Person","@id":"https:\/\/projectes.fundesplai.org\/canals\/#\/schema\/person\/fff8e0ddab6d894f768c9a6c306ad6df","name":"Alfons Valle","image":{"@type":"ImageObject","inLanguage":"ca","@id":"https:\/\/secure.gravatar.com\/avatar\/71d95a3f99a068ba570ac1314ed6911a59c5ae3f22ffcf23631cd1a861a640bc?s=96&d=mm&r=g","url":"https:\/\/secure.gravatar.com\/avatar\/71d95a3f99a068ba570ac1314ed6911a59c5ae3f22ffcf23631cd1a861a640bc?s=96&d=mm&r=g","contentUrl":"https:\/\/secure.gravatar.com\/avatar\/71d95a3f99a068ba570ac1314ed6911a59c5ae3f22ffcf23631cd1a861a640bc?s=96&d=mm&r=g","caption":"Alfons Valle"},"url":"https:\/\/projectes.fundesplai.org\/canals\/author\/avalle\/"}]}},"_links":{"self":[{"href":"https:\/\/projectes.fundesplai.org\/canals\/wp-json\/wp\/v2\/posts\/604","targetHints":{"allow":["GET"]}}],"collection":[{"href":"https:\/\/projectes.fundesplai.org\/canals\/wp-json\/wp\/v2\/posts"}],"about":[{"href":"https:\/\/projectes.fundesplai.org\/canals\/wp-json\/wp\/v2\/types\/post"}],"author":[{"embeddable":true,"href":"https:\/\/projectes.fundesplai.org\/canals\/wp-json\/wp\/v2\/users\/5"}],"replies":[{"embeddable":true,"href":"https:\/\/projectes.fundesplai.org\/canals\/wp-json\/wp\/v2\/comments?post=604"}],"version-history":[{"count":1,"href":"https:\/\/projectes.fundesplai.org\/canals\/wp-json\/wp\/v2\/posts\/604\/revisions"}],"predecessor-version":[{"id":606,"href":"https:\/\/projectes.fundesplai.org\/canals\/wp-json\/wp\/v2\/posts\/604\/revisions\/606"}],"wp:featuredmedia":[{"embeddable":true,"href":"https:\/\/projectes.fundesplai.org\/canals\/wp-json\/wp\/v2\/media\/605"}],"wp:attachment":[{"href":"https:\/\/projectes.fundesplai.org\/canals\/wp-json\/wp\/v2\/media?parent=604"}],"wp:term":[{"taxonomy":"category","embeddable":true,"href":"https:\/\/projectes.fundesplai.org\/canals\/wp-json\/wp\/v2\/categories?post=604"},{"taxonomy":"post_tag","embeddable":true,"href":"https:\/\/projectes.fundesplai.org\/canals\/wp-json\/wp\/v2\/tags?post=604"}],"curies":[{"name":"wp","href":"https:\/\/api.w.org\/{rel}","templated":true}]}}