{"id":1792,"date":"2018-09-06T10:51:23","date_gmt":"2018-09-06T08:51:23","guid":{"rendered":"http:\/\/projectes.fundesplai.org\/cochabambasantjoandespi\/?p=1792"},"modified":"2018-09-06T10:51:23","modified_gmt":"2018-09-06T08:51:23","slug":"https-youtu-be-4qugut8ihp8","status":"publish","type":"post","link":"https:\/\/projectes.fundesplai.org\/cochabambasantjoandespi\/2018\/09\/06\/https-youtu-be-4qugut8ihp8\/","title":{"rendered":"LA FIESTA DE LA FERTILIDAD &#8211; Sta. Veracruz Tatala"},"content":{"rendered":"<p style=\"text-align: justify\">Desde Cochabamba les compartimos el v\u00eddeo que hemos realizado con los ni\u00f1os y las ni\u00f1as del Centro Vicente Ca\u00f1as de Fundaci\u00f3n Social Uramanta, en relaci\u00f3n a la festividad de Santa Veracruz Tatala.<\/p>\n<p>https:\/\/youtu.be\/7yQWk6n0guE<\/p>\n<p style=\"text-align: justify\">Si quieren saber m\u00e1s sobre el tema, les invitamos a qu\u00e9 lean la publicaci\u00f3n de hace algunos a\u00f1os <strong>&#8220;Qu\u00e9 rica es mi tierra&#8221;<\/strong>, que les recordamos en los siguientes enlaces:<\/p>\n<p style=\"text-align: justify\">P\u00e0gs 1-10<\/p>\n<p style=\"text-align: justify\"><a href=\"https:\/\/projectes.fundesplai.org\/cochabambasantjoandespi\/wp-content\/uploads\/sites\/16\/2014\/06\/pag-1-10-material-2014-Bolivia-Catalunya.pdf\">https:\/\/projectes.fundesplai.org\/cochabambasantjoandespi\/wp-content\/uploads\/sites\/16\/2014\/06\/pag-1-10-material-2014-Bolivia-Catalunya.pdf\u00a0<\/a><\/p>\n<p style=\"text-align: justify\">P\u00e0gs 11-15.<\/p>\n<p style=\"text-align: justify\"><a href=\"https:\/\/projectes.fundesplai.org\/cochabambasantjoandespi\/wp-content\/uploads\/sites\/16\/2014\/06\/11-15-material-2014-Bolivia-Catalunya.pdf\">https:\/\/projectes.fundesplai.org\/cochabambasantjoandespi\/wp-content\/uploads\/sites\/16\/2014\/06\/11-15-material-2014-Bolivia-Catalunya.pdf<\/a><\/p>\n<p>&nbsp;<\/p>\n<p>&nbsp;<\/p>\n","protected":false},"excerpt":{"rendered":"<p>Desde Cochabamba les compartimos el v\u00eddeo que hemos realizado con los ni\u00f1os y las ni\u00f1as del Centro Vicente Ca\u00f1as de Fundaci\u00f3n Social Uramanta, en relaci\u00f3n a la festividad de Santa Veracruz Tatala. https:\/\/youtu.be\/7yQWk6n0guE Si quieren saber m\u00e1s sobre el tema, les invitamos a qu\u00e9 lean la publicaci\u00f3n de hace algunos a\u00f1os &#8220;Qu\u00e9 rica es mi<span class=\"continue-reading\"> <a href=\"https:\/\/projectes.fundesplai.org\/cochabambasantjoandespi\/2018\/09\/06\/https-youtu-be-4qugut8ihp8\/\">Continua llegint <span class=\"meta-nav\">&rarr;<\/span><\/a><\/span><\/p>\n","protected":false},"author":29,"featured_media":0,"comment_status":"open","ping_status":"open","sticky":false,"template":"","format":"standard","meta":{"footnotes":""},"categories":[1],"tags":[],"class_list":["post-1792","post","type-post","status-publish","format-standard","hentry","category-uncategorized"],"_links":{"self":[{"href":"https:\/\/projectes.fundesplai.org\/cochabambasantjoandespi\/wp-json\/wp\/v2\/posts\/1792","targetHints":{"allow":["GET"]}}],"collection":[{"href":"https:\/\/projectes.fundesplai.org\/cochabambasantjoandespi\/wp-json\/wp\/v2\/posts"}],"about":[{"href":"https:\/\/projectes.fundesplai.org\/cochabambasantjoandespi\/wp-json\/wp\/v2\/types\/post"}],"author":[{"embeddable":true,"href":"https:\/\/projectes.fundesplai.org\/cochabambasantjoandespi\/wp-json\/wp\/v2\/users\/29"}],"replies":[{"embeddable":true,"href":"https:\/\/projectes.fundesplai.org\/cochabambasantjoandespi\/wp-json\/wp\/v2\/comments?post=1792"}],"version-history":[{"count":3,"href":"https:\/\/projectes.fundesplai.org\/cochabambasantjoandespi\/wp-json\/wp\/v2\/posts\/1792\/revisions"}],"predecessor-version":[{"id":1801,"href":"https:\/\/projectes.fundesplai.org\/cochabambasantjoandespi\/wp-json\/wp\/v2\/posts\/1792\/revisions\/1801"}],"wp:attachment":[{"href":"https:\/\/projectes.fundesplai.org\/cochabambasantjoandespi\/wp-json\/wp\/v2\/media?parent=1792"}],"wp:term":[{"taxonomy":"category","embeddable":true,"href":"https:\/\/projectes.fundesplai.org\/cochabambasantjoandespi\/wp-json\/wp\/v2\/categories?post=1792"},{"taxonomy":"post_tag","embeddable":true,"href":"https:\/\/projectes.fundesplai.org\/cochabambasantjoandespi\/wp-json\/wp\/v2\/tags?post=1792"}],"curies":[{"name":"wp","href":"https:\/\/api.w.org\/{rel}","templated":true}]}}