{"id":1829,"date":"2018-10-03T21:33:08","date_gmt":"2018-10-03T19:33:08","guid":{"rendered":"http:\/\/projectes.fundesplai.org\/cochabambasantjoandespi\/?p=1829"},"modified":"2018-10-03T21:33:08","modified_gmt":"2018-10-03T19:33:08","slug":"participacion-en-el-corso-infantil-cochabamba-bolivia","status":"publish","type":"post","link":"https:\/\/projectes.fundesplai.org\/cochabambasantjoandespi\/2018\/10\/03\/participacion-en-el-corso-infantil-cochabamba-bolivia\/","title":{"rendered":"Participacion en el corso infantil Cochabamba &#8211; Bolivia"},"content":{"rendered":"\n<p class=\"has-regular-font-size\">Este a\u00f1o\u00a0 los adolescentes del Centro Vicente Ca\u00f1as participaron del Corso infantil efectuado en el municipio de Cercado &#8211; Cochabamba con las tem\u00e1ticas de la pel\u00edcula \u201cCoco\u201d y \u201cMulan\u201d, sus disfraces fueron hechos con material reciclable, adem\u00e1s llevaron mensajes relacionados a los derechos de los ni\u00f1os, ni\u00f1as y adolescentes. Fue la primera vez que se particip\u00f3 en este evento,\u00a0 les encanto y los motivo para que al a\u00f1o siguiente vuelvan a participar.<\/p>\n\n\n\n<div class=\"wp-block-image\"><figure class=\"aligncenter is-resized\"><img loading=\"lazy\" decoding=\"async\" src=\"https:\/\/projectes.fundesplai.org\/cochabambasantjoandespi\/wp-content\/uploads\/sites\/16\/2018\/10\/IMG-20180311-WA0021.jpg\" alt=\"\" class=\"wp-image-1825\" width=\"283\" height=\"503\" srcset=\"https:\/\/projectes.fundesplai.org\/cochabambasantjoandespi\/wp-content\/uploads\/sites\/16\/2018\/10\/IMG-20180311-WA0021.jpg 720w, https:\/\/projectes.fundesplai.org\/cochabambasantjoandespi\/wp-content\/uploads\/sites\/16\/2018\/10\/IMG-20180311-WA0021-169x300.jpg 169w, https:\/\/projectes.fundesplai.org\/cochabambasantjoandespi\/wp-content\/uploads\/sites\/16\/2018\/10\/IMG-20180311-WA0021-576x1024.jpg 576w, https:\/\/projectes.fundesplai.org\/cochabambasantjoandespi\/wp-content\/uploads\/sites\/16\/2018\/10\/IMG-20180311-WA0021-624x1109.jpg 624w\" sizes=\"auto, (max-width: 283px) 100vw, 283px\" \/><figcaption>Con el disfraz de  <br \/><em>samur\u00e1i<\/em> <\/figcaption><\/figure><\/div>\n\n\n\n<div class=\"wp-block-image\"><figure class=\"aligncenter is-resized\"><img decoding=\"async\" src=\"https:\/\/projectes.fundesplai.org\/cochabambasantjoandespi\/wp-content\/uploads\/sites\/16\/2018\/10\/DSCN2097.jpg\" alt=\"\" class=\"wp-image-1822\" width=\"443\" height=\"-102\" srcset=\"https:\/\/projectes.fundesplai.org\/cochabambasantjoandespi\/wp-content\/uploads\/sites\/16\/2018\/10\/DSCN2097.jpg 1920w, https:\/\/projectes.fundesplai.org\/cochabambasantjoandespi\/wp-content\/uploads\/sites\/16\/2018\/10\/DSCN2097-300x225.jpg 300w, https:\/\/projectes.fundesplai.org\/cochabambasantjoandespi\/wp-content\/uploads\/sites\/16\/2018\/10\/DSCN2097-768x576.jpg 768w, https:\/\/projectes.fundesplai.org\/cochabambasantjoandespi\/wp-content\/uploads\/sites\/16\/2018\/10\/DSCN2097-1024x768.jpg 1024w, https:\/\/projectes.fundesplai.org\/cochabambasantjoandespi\/wp-content\/uploads\/sites\/16\/2018\/10\/DSCN2097-624x468.jpg 624w\" sizes=\"(max-width: 1920px) 100vw, 1920px\" \/><\/figure><\/div>\n\n\n\n<p>La producci\u00f3n\nde disfraces estuvo a cargo de ellos mismos,\u00a0\nponiendo en juego su imaginaci\u00f3n y creatividad, adem\u00e1s de socializar los\nderechos de los ni\u00f1os y la importancia de cuidarlos. <\/p>\n\n\n\n<div class=\"wp-block-image\"><figure class=\"alignleft is-resized\"><img loading=\"lazy\" decoding=\"async\" src=\"https:\/\/projectes.fundesplai.org\/cochabambasantjoandespi\/wp-content\/uploads\/sites\/16\/2018\/10\/DSCN2069.jpg\" alt=\"\" class=\"wp-image-1821\" width=\"342\" height=\"256\" srcset=\"https:\/\/projectes.fundesplai.org\/cochabambasantjoandespi\/wp-content\/uploads\/sites\/16\/2018\/10\/DSCN2069.jpg 1920w, https:\/\/projectes.fundesplai.org\/cochabambasantjoandespi\/wp-content\/uploads\/sites\/16\/2018\/10\/DSCN2069-300x225.jpg 300w, https:\/\/projectes.fundesplai.org\/cochabambasantjoandespi\/wp-content\/uploads\/sites\/16\/2018\/10\/DSCN2069-768x576.jpg 768w, https:\/\/projectes.fundesplai.org\/cochabambasantjoandespi\/wp-content\/uploads\/sites\/16\/2018\/10\/DSCN2069-1024x768.jpg 1024w, https:\/\/projectes.fundesplai.org\/cochabambasantjoandespi\/wp-content\/uploads\/sites\/16\/2018\/10\/DSCN2069-624x468.jpg 624w\" sizes=\"auto, (max-width: 342px) 100vw, 342px\" \/><figcaption>Los personajes de\u00a0 la pelicula Coco <\/figcaption><\/figure><\/div>\n\n\n\n<p>\u00a0Durante el desfile causaron sensaci\u00f3n siendo\ndel agrado de mucha gente, en especial de la ni\u00f1ez que conocen estas pel\u00edculas,\nlos participantes cautivaron por su carisma y lo innovador de sus disfraces pues\nse pusieron huesos hechos de goma eva que parec\u00edan reales.<\/p>\n\n\n\n<figure class=\"wp-block-image\"><img loading=\"lazy\" decoding=\"async\" width=\"1280\" height=\"960\" src=\"https:\/\/projectes.fundesplai.org\/cochabambasantjoandespi\/wp-content\/uploads\/sites\/16\/2018\/10\/IMG-20180311-WA0016.jpg\" alt=\"\" class=\"wp-image-1824\" srcset=\"https:\/\/projectes.fundesplai.org\/cochabambasantjoandespi\/wp-content\/uploads\/sites\/16\/2018\/10\/IMG-20180311-WA0016.jpg 1280w, https:\/\/projectes.fundesplai.org\/cochabambasantjoandespi\/wp-content\/uploads\/sites\/16\/2018\/10\/IMG-20180311-WA0016-300x225.jpg 300w, https:\/\/projectes.fundesplai.org\/cochabambasantjoandespi\/wp-content\/uploads\/sites\/16\/2018\/10\/IMG-20180311-WA0016-768x576.jpg 768w, https:\/\/projectes.fundesplai.org\/cochabambasantjoandespi\/wp-content\/uploads\/sites\/16\/2018\/10\/IMG-20180311-WA0016-1024x768.jpg 1024w, https:\/\/projectes.fundesplai.org\/cochabambasantjoandespi\/wp-content\/uploads\/sites\/16\/2018\/10\/IMG-20180311-WA0016-624x468.jpg 624w\" sizes=\"auto, (max-width: 1280px) 100vw, 1280px\" \/><figcaption>Las catrinas descansando despues de realizar su paso por el prado de Cochabamba<\/figcaption><\/figure>\n","protected":false},"excerpt":{"rendered":"<p>Este a\u00f1o\u00a0 los adolescentes del Centro Vicente Ca\u00f1as participaron del Corso infantil efectuado en el municipio de Cercado &#8211; Cochabamba con las tem\u00e1ticas de la pel\u00edcula \u201cCoco\u201d y \u201cMulan\u201d, sus disfraces fueron hechos con material reciclable, adem\u00e1s llevaron mensajes relacionados a los derechos de los ni\u00f1os, ni\u00f1as y adolescentes. Fue la primera vez que se<span class=\"continue-reading\"> <a href=\"https:\/\/projectes.fundesplai.org\/cochabambasantjoandespi\/2018\/10\/03\/participacion-en-el-corso-infantil-cochabamba-bolivia\/\">Continua llegint <span class=\"meta-nav\">&rarr;<\/span><\/a><\/span><\/p>\n","protected":false},"author":29,"featured_media":0,"comment_status":"open","ping_status":"open","sticky":false,"template":"","format":"standard","meta":{"footnotes":""},"categories":[1],"tags":[],"class_list":["post-1829","post","type-post","status-publish","format-standard","hentry","category-uncategorized"],"_links":{"self":[{"href":"https:\/\/projectes.fundesplai.org\/cochabambasantjoandespi\/wp-json\/wp\/v2\/posts\/1829","targetHints":{"allow":["GET"]}}],"collection":[{"href":"https:\/\/projectes.fundesplai.org\/cochabambasantjoandespi\/wp-json\/wp\/v2\/posts"}],"about":[{"href":"https:\/\/projectes.fundesplai.org\/cochabambasantjoandespi\/wp-json\/wp\/v2\/types\/post"}],"author":[{"embeddable":true,"href":"https:\/\/projectes.fundesplai.org\/cochabambasantjoandespi\/wp-json\/wp\/v2\/users\/29"}],"replies":[{"embeddable":true,"href":"https:\/\/projectes.fundesplai.org\/cochabambasantjoandespi\/wp-json\/wp\/v2\/comments?post=1829"}],"version-history":[{"count":1,"href":"https:\/\/projectes.fundesplai.org\/cochabambasantjoandespi\/wp-json\/wp\/v2\/posts\/1829\/revisions"}],"predecessor-version":[{"id":1830,"href":"https:\/\/projectes.fundesplai.org\/cochabambasantjoandespi\/wp-json\/wp\/v2\/posts\/1829\/revisions\/1830"}],"wp:attachment":[{"href":"https:\/\/projectes.fundesplai.org\/cochabambasantjoandespi\/wp-json\/wp\/v2\/media?parent=1829"}],"wp:term":[{"taxonomy":"category","embeddable":true,"href":"https:\/\/projectes.fundesplai.org\/cochabambasantjoandespi\/wp-json\/wp\/v2\/categories?post=1829"},{"taxonomy":"post_tag","embeddable":true,"href":"https:\/\/projectes.fundesplai.org\/cochabambasantjoandespi\/wp-json\/wp\/v2\/tags?post=1829"}],"curies":[{"name":"wp","href":"https:\/\/api.w.org\/{rel}","templated":true}]}}