{"id":190,"date":"2014-10-17T09:51:34","date_gmt":"2014-10-17T07:51:34","guid":{"rendered":"http:\/\/projectes.fundesplai.org\/cochabambasantjoandespi\/?p=190"},"modified":"2014-10-17T09:51:34","modified_gmt":"2014-10-17T07:51:34","slug":"carpa-solidaria-firadespi-sabado-4-de-octubre","status":"publish","type":"post","link":"https:\/\/projectes.fundesplai.org\/cochabambasantjoandespi\/2014\/10\/17\/carpa-solidaria-firadespi-sabado-4-de-octubre\/","title":{"rendered":"CARPA SOLIDARIA FIRADESP\u00cd . Sabado 4 de octubre"},"content":{"rendered":"<p>Hola compa\u00f1eros y compa\u00f1eras. Hemos colgado unas nuevas imagenes de la carpa de comercio justo que montamos junto con otras entidades y asociaciones del pueblo ese sabado 4 de octubre.<\/p>\n<p>Ya estamos preparando la fiesta de la Casta\u00f1ada ,para la semana del 4 de noviembre!! Esten atentos !!!!<\/p>\n","protected":false},"excerpt":{"rendered":"<p>Hola compa\u00f1eros y compa\u00f1eras. Hemos colgado unas nuevas imagenes de la carpa de comercio justo que montamos junto con otras entidades y asociaciones del pueblo ese sabado 4 de octubre. Ya estamos preparando la fiesta de la Casta\u00f1ada ,para la semana del 4 de noviembre!! Esten atentos !!!!<\/p>\n","protected":false},"author":35,"featured_media":188,"comment_status":"open","ping_status":"open","sticky":false,"template":"","format":"standard","meta":{"footnotes":""},"categories":[1],"tags":[8,9,7,10],"class_list":["post-190","post","type-post","status-publish","format-standard","has-post-thumbnail","hentry","category-uncategorized","tag-cochabamba","tag-comercio-justo","tag-esplai","tag-solidaridad"],"_links":{"self":[{"href":"https:\/\/projectes.fundesplai.org\/cochabambasantjoandespi\/wp-json\/wp\/v2\/posts\/190","targetHints":{"allow":["GET"]}}],"collection":[{"href":"https:\/\/projectes.fundesplai.org\/cochabambasantjoandespi\/wp-json\/wp\/v2\/posts"}],"about":[{"href":"https:\/\/projectes.fundesplai.org\/cochabambasantjoandespi\/wp-json\/wp\/v2\/types\/post"}],"author":[{"embeddable":true,"href":"https:\/\/projectes.fundesplai.org\/cochabambasantjoandespi\/wp-json\/wp\/v2\/users\/35"}],"replies":[{"embeddable":true,"href":"https:\/\/projectes.fundesplai.org\/cochabambasantjoandespi\/wp-json\/wp\/v2\/comments?post=190"}],"version-history":[{"count":1,"href":"https:\/\/projectes.fundesplai.org\/cochabambasantjoandespi\/wp-json\/wp\/v2\/posts\/190\/revisions"}],"predecessor-version":[{"id":192,"href":"https:\/\/projectes.fundesplai.org\/cochabambasantjoandespi\/wp-json\/wp\/v2\/posts\/190\/revisions\/192"}],"wp:featuredmedia":[{"embeddable":true,"href":"https:\/\/projectes.fundesplai.org\/cochabambasantjoandespi\/wp-json\/wp\/v2\/media\/188"}],"wp:attachment":[{"href":"https:\/\/projectes.fundesplai.org\/cochabambasantjoandespi\/wp-json\/wp\/v2\/media?parent=190"}],"wp:term":[{"taxonomy":"category","embeddable":true,"href":"https:\/\/projectes.fundesplai.org\/cochabambasantjoandespi\/wp-json\/wp\/v2\/categories?post=190"},{"taxonomy":"post_tag","embeddable":true,"href":"https:\/\/projectes.fundesplai.org\/cochabambasantjoandespi\/wp-json\/wp\/v2\/tags?post=190"}],"curies":[{"name":"wp","href":"https:\/\/api.w.org\/{rel}","templated":true}]}}