{"id":303,"date":"2014-11-19T09:41:06","date_gmt":"2014-11-19T08:41:06","guid":{"rendered":"http:\/\/projectes.fundesplai.org\/cochabambasantjoandespi\/?p=303"},"modified":"2014-11-19T09:41:06","modified_gmt":"2014-11-19T08:41:06","slug":"y-mas-cocina-hoy-comemos-escalivada","status":"publish","type":"post","link":"https:\/\/projectes.fundesplai.org\/cochabambasantjoandespi\/2014\/11\/19\/y-mas-cocina-hoy-comemos-escalivada\/","title":{"rendered":"&#8230; Y M\u00c1S COCINA! HOY COMEMOS ESCALIVADA !!!"},"content":{"rendered":"<p><a href=\"https:\/\/projectes.fundesplai.org\/cochabambasantjoandespi\/wp-content\/uploads\/sites\/16\/2014\/11\/ESCALIVADA-3.jpg\"><img loading=\"lazy\" decoding=\"async\" class=\"wp-image-306 alignleft\" src=\"https:\/\/projectes.fundesplai.org\/cochabambasantjoandespi\/wp-content\/uploads\/sites\/16\/2014\/11\/ESCALIVADA-3-300x225.jpg\" alt=\"ESCALIVADA 3\" width=\"335\" height=\"251\" srcset=\"https:\/\/projectes.fundesplai.org\/cochabambasantjoandespi\/wp-content\/uploads\/sites\/16\/2014\/11\/ESCALIVADA-3-300x225.jpg 300w, https:\/\/projectes.fundesplai.org\/cochabambasantjoandespi\/wp-content\/uploads\/sites\/16\/2014\/11\/ESCALIVADA-3-624x468.jpg 624w, https:\/\/projectes.fundesplai.org\/cochabambasantjoandespi\/wp-content\/uploads\/sites\/16\/2014\/11\/ESCALIVADA-3.jpg 800w\" sizes=\"auto, (max-width: 335px) 100vw, 335px\" \/><\/a>Hoy , en el t<strong>aller de COCINA<\/strong> de los peque\u00f1os( de 3 a 8 a\u00f1os), hemos elaborado otro plato tradicional de nuestra cultura: la<em><strong> ESCALIVADA<\/strong>!! <\/em><\/p>\n<p>La <strong>escalivada<\/strong> es un plato t\u00edpico de Catalu\u00f1a, Valencia y Arag\u00f3n, que consta de verduras asadas: berenjena, pimiento, cebolla y tomate.<br \/>\nSu nombre proviene del verbo catal\u00e1n<em> escalivar<\/em>\u2019 que significa <em>\u2018asar al rescoldo&#8221; <\/em>y del sustantivo catal\u00e1n <em>caliu,<\/em> rescoldo, y tiene su origen en las comunidades rurales.<br \/>\nTambi\u00e9n se denomina <em>espencat,<\/em> sobre todo al a\u00f1adirle bacalao. Es un plato bajo en calor\u00edas y de alto contenido en fibra.<\/p>\n<p><a href=\"https:\/\/projectes.fundesplai.org\/cochabambasantjoandespi\/wp-content\/uploads\/sites\/16\/2014\/11\/CUINA-Escalivada-2.jpg\"><img loading=\"lazy\" decoding=\"async\" class=\"size-medium wp-image-305 alignleft\" src=\"https:\/\/projectes.fundesplai.org\/cochabambasantjoandespi\/wp-content\/uploads\/sites\/16\/2014\/11\/CUINA-Escalivada-2-300x225.jpg\" alt=\"CUINA Escalivada 2\" width=\"300\" height=\"225\" srcset=\"https:\/\/projectes.fundesplai.org\/cochabambasantjoandespi\/wp-content\/uploads\/sites\/16\/2014\/11\/CUINA-Escalivada-2-300x225.jpg 300w, https:\/\/projectes.fundesplai.org\/cochabambasantjoandespi\/wp-content\/uploads\/sites\/16\/2014\/11\/CUINA-Escalivada-2-624x468.jpg 624w, https:\/\/projectes.fundesplai.org\/cochabambasantjoandespi\/wp-content\/uploads\/sites\/16\/2014\/11\/CUINA-Escalivada-2.jpg 800w\" sizes=\"auto, (max-width: 300px) 100vw, 300px\" \/><\/a><img loading=\"lazy\" decoding=\"async\" class=\"alignnone size-medium wp-image-313\" src=\"https:\/\/projectes.fundesplai.org\/cochabambasantjoandespi\/wp-content\/uploads\/sites\/16\/2014\/11\/10-300x225.jpg\" alt=\"10\" width=\"300\" height=\"225\" srcset=\"https:\/\/projectes.fundesplai.org\/cochabambasantjoandespi\/wp-content\/uploads\/sites\/16\/2014\/11\/10-300x225.jpg 300w, https:\/\/projectes.fundesplai.org\/cochabambasantjoandespi\/wp-content\/uploads\/sites\/16\/2014\/11\/10-624x468.jpg 624w, https:\/\/projectes.fundesplai.org\/cochabambasantjoandespi\/wp-content\/uploads\/sites\/16\/2014\/11\/10.jpg 800w\" sizes=\"auto, (max-width: 300px) 100vw, 300px\" \/><\/p>\n<p><a href=\"https:\/\/projectes.fundesplai.org\/cochabambasantjoandespi\/wp-content\/uploads\/sites\/16\/2014\/11\/12.jpg\"><img loading=\"lazy\" decoding=\"async\" class=\"alignnone size-medium wp-image-315\" src=\"https:\/\/projectes.fundesplai.org\/cochabambasantjoandespi\/wp-content\/uploads\/sites\/16\/2014\/11\/12-300x225.jpg\" alt=\"12\" width=\"300\" height=\"225\" srcset=\"https:\/\/projectes.fundesplai.org\/cochabambasantjoandespi\/wp-content\/uploads\/sites\/16\/2014\/11\/12-300x225.jpg 300w, https:\/\/projectes.fundesplai.org\/cochabambasantjoandespi\/wp-content\/uploads\/sites\/16\/2014\/11\/12-624x468.jpg 624w, https:\/\/projectes.fundesplai.org\/cochabambasantjoandespi\/wp-content\/uploads\/sites\/16\/2014\/11\/12.jpg 800w\" sizes=\"auto, (max-width: 300px) 100vw, 300px\" \/><\/a>\u00a0 <a href=\"https:\/\/projectes.fundesplai.org\/cochabambasantjoandespi\/wp-content\/uploads\/sites\/16\/2014\/11\/escaliada-4.jpg\"><img loading=\"lazy\" decoding=\"async\" class=\"alignnone size-medium wp-image-307\" src=\"https:\/\/projectes.fundesplai.org\/cochabambasantjoandespi\/wp-content\/uploads\/sites\/16\/2014\/11\/escaliada-4-300x225.jpg\" alt=\"escaliada 4\" width=\"300\" height=\"225\" srcset=\"https:\/\/projectes.fundesplai.org\/cochabambasantjoandespi\/wp-content\/uploads\/sites\/16\/2014\/11\/escaliada-4-300x225.jpg 300w, https:\/\/projectes.fundesplai.org\/cochabambasantjoandespi\/wp-content\/uploads\/sites\/16\/2014\/11\/escaliada-4-624x468.jpg 624w, https:\/\/projectes.fundesplai.org\/cochabambasantjoandespi\/wp-content\/uploads\/sites\/16\/2014\/11\/escaliada-4.jpg 800w\" sizes=\"auto, (max-width: 300px) 100vw, 300px\" \/><\/a><\/p>\n<p><a href=\"https:\/\/projectes.fundesplai.org\/cochabambasantjoandespi\/wp-content\/uploads\/sites\/16\/2014\/11\/14.jpg\"><img loading=\"lazy\" decoding=\"async\" class=\"alignnone size-medium wp-image-317\" src=\"https:\/\/projectes.fundesplai.org\/cochabambasantjoandespi\/wp-content\/uploads\/sites\/16\/2014\/11\/14-300x225.jpg\" alt=\"14\" width=\"300\" height=\"225\" srcset=\"https:\/\/projectes.fundesplai.org\/cochabambasantjoandespi\/wp-content\/uploads\/sites\/16\/2014\/11\/14-300x225.jpg 300w, https:\/\/projectes.fundesplai.org\/cochabambasantjoandespi\/wp-content\/uploads\/sites\/16\/2014\/11\/14-624x468.jpg 624w, https:\/\/projectes.fundesplai.org\/cochabambasantjoandespi\/wp-content\/uploads\/sites\/16\/2014\/11\/14.jpg 800w\" sizes=\"auto, (max-width: 300px) 100vw, 300px\" \/><\/a>\u00a0 <a href=\"https:\/\/projectes.fundesplai.org\/cochabambasantjoandespi\/wp-content\/uploads\/sites\/16\/2014\/11\/Escalivada-7.jpg\"><img loading=\"lazy\" decoding=\"async\" class=\"alignnone size-medium wp-image-310\" src=\"https:\/\/projectes.fundesplai.org\/cochabambasantjoandespi\/wp-content\/uploads\/sites\/16\/2014\/11\/Escalivada-7-300x225.jpg\" alt=\"Escalivada 7\" width=\"300\" height=\"225\" srcset=\"https:\/\/projectes.fundesplai.org\/cochabambasantjoandespi\/wp-content\/uploads\/sites\/16\/2014\/11\/Escalivada-7-300x225.jpg 300w, https:\/\/projectes.fundesplai.org\/cochabambasantjoandespi\/wp-content\/uploads\/sites\/16\/2014\/11\/Escalivada-7-624x468.jpg 624w, https:\/\/projectes.fundesplai.org\/cochabambasantjoandespi\/wp-content\/uploads\/sites\/16\/2014\/11\/Escalivada-7.jpg 800w\" sizes=\"auto, (max-width: 300px) 100vw, 300px\" \/><\/a><\/p>\n<p>En su realizaci\u00f3n, las verduras se asan, a la parrilla o en el horno, hasta que est\u00e1n cocidas.<br \/>\nSe dejan enfriar para despu\u00e9s pelarlas y despepitarlas. Para servir, se cortan en largas tiras de forma longitudinal y se ali\u00f1an con aceite de oliva y sal, y se suele a\u00f1adir ajo a trozos peque\u00f1os.<br \/>\nEs un plato que se come a temperatura ambiente por lo que suele ser m\u00e1s habitual su consumo en los meses de verano.<\/p>\n<p style=\"text-align: center\"><a href=\"https:\/\/projectes.fundesplai.org\/cochabambasantjoandespi\/wp-content\/uploads\/sites\/16\/2014\/11\/Cuina-ESCALIVADA.jpg\"><img loading=\"lazy\" decoding=\"async\" class=\" wp-image-304\" src=\"https:\/\/projectes.fundesplai.org\/cochabambasantjoandespi\/wp-content\/uploads\/sites\/16\/2014\/11\/Cuina-ESCALIVADA-300x225.jpg\" alt=\"Cuina ESCALIVADA\" width=\"345\" height=\"259\" srcset=\"https:\/\/projectes.fundesplai.org\/cochabambasantjoandespi\/wp-content\/uploads\/sites\/16\/2014\/11\/Cuina-ESCALIVADA-300x225.jpg 300w, https:\/\/projectes.fundesplai.org\/cochabambasantjoandespi\/wp-content\/uploads\/sites\/16\/2014\/11\/Cuina-ESCALIVADA-624x468.jpg 624w, https:\/\/projectes.fundesplai.org\/cochabambasantjoandespi\/wp-content\/uploads\/sites\/16\/2014\/11\/Cuina-ESCALIVADA.jpg 800w\" sizes=\"auto, (max-width: 345px) 100vw, 345px\" \/><\/a><\/p>\n<p>La <strong>escalivada<\/strong> puede comerse sola o como acompa\u00f1amiento de un plato principal .(carne,pescado, etc&#8230;)<\/p>\n<p><a href=\"https:\/\/projectes.fundesplai.org\/cochabambasantjoandespi\/wp-content\/uploads\/sites\/16\/2014\/11\/9.jpg\"><img loading=\"lazy\" decoding=\"async\" class=\"alignnone size-medium wp-image-312\" src=\"https:\/\/projectes.fundesplai.org\/cochabambasantjoandespi\/wp-content\/uploads\/sites\/16\/2014\/11\/9-300x225.jpg\" alt=\"9\" width=\"300\" height=\"225\" srcset=\"https:\/\/projectes.fundesplai.org\/cochabambasantjoandespi\/wp-content\/uploads\/sites\/16\/2014\/11\/9-300x225.jpg 300w, https:\/\/projectes.fundesplai.org\/cochabambasantjoandespi\/wp-content\/uploads\/sites\/16\/2014\/11\/9-624x468.jpg 624w, https:\/\/projectes.fundesplai.org\/cochabambasantjoandespi\/wp-content\/uploads\/sites\/16\/2014\/11\/9.jpg 800w\" sizes=\"auto, (max-width: 300px) 100vw, 300px\" \/><\/a>\u00a0 <a href=\"https:\/\/projectes.fundesplai.org\/cochabambasantjoandespi\/wp-content\/uploads\/sites\/16\/2014\/11\/11.jpg\"><img loading=\"lazy\" decoding=\"async\" class=\"alignnone size-medium wp-image-314\" src=\"https:\/\/projectes.fundesplai.org\/cochabambasantjoandespi\/wp-content\/uploads\/sites\/16\/2014\/11\/11-300x225.jpg\" alt=\"11\" width=\"300\" height=\"225\" srcset=\"https:\/\/projectes.fundesplai.org\/cochabambasantjoandespi\/wp-content\/uploads\/sites\/16\/2014\/11\/11-300x225.jpg 300w, https:\/\/projectes.fundesplai.org\/cochabambasantjoandespi\/wp-content\/uploads\/sites\/16\/2014\/11\/11-624x468.jpg 624w, https:\/\/projectes.fundesplai.org\/cochabambasantjoandespi\/wp-content\/uploads\/sites\/16\/2014\/11\/11.jpg 800w\" sizes=\"auto, (max-width: 300px) 100vw, 300px\" \/><\/a>\u00a0\u00a0 Otra forma t\u00edpica de consumo es presentarla sobre una tostada de pan y acompa\u00f1arla con unos filetes de anchoa, asi como tambien en forma de m<em>ousse<\/em> o de pastel.<\/p>\n<p>&nbsp;<\/p>\n<p>&nbsp;<\/p>\n<p>&nbsp;<\/p>\n<p>&nbsp;<\/p>\n<p>&nbsp;<\/p>\n","protected":false},"excerpt":{"rendered":"<p>Hoy , en el taller de COCINA de los peque\u00f1os( de 3 a 8 a\u00f1os), hemos elaborado otro plato tradicional de nuestra cultura: la ESCALIVADA!! La escalivada es un plato t\u00edpico de Catalu\u00f1a, Valencia y Arag\u00f3n, que consta de verduras asadas: berenjena, pimiento, cebolla y tomate. Su nombre proviene del verbo catal\u00e1n escalivar\u2019 que significa<span class=\"continue-reading\"> <a href=\"https:\/\/projectes.fundesplai.org\/cochabambasantjoandespi\/2014\/11\/19\/y-mas-cocina-hoy-comemos-escalivada\/\">Continua llegint <span class=\"meta-nav\">&rarr;<\/span><\/a><\/span><\/p>\n","protected":false},"author":35,"featured_media":0,"comment_status":"open","ping_status":"open","sticky":false,"template":"","format":"standard","meta":{"footnotes":""},"categories":[1],"tags":[],"class_list":["post-303","post","type-post","status-publish","format-standard","hentry","category-uncategorized"],"_links":{"self":[{"href":"https:\/\/projectes.fundesplai.org\/cochabambasantjoandespi\/wp-json\/wp\/v2\/posts\/303","targetHints":{"allow":["GET"]}}],"collection":[{"href":"https:\/\/projectes.fundesplai.org\/cochabambasantjoandespi\/wp-json\/wp\/v2\/posts"}],"about":[{"href":"https:\/\/projectes.fundesplai.org\/cochabambasantjoandespi\/wp-json\/wp\/v2\/types\/post"}],"author":[{"embeddable":true,"href":"https:\/\/projectes.fundesplai.org\/cochabambasantjoandespi\/wp-json\/wp\/v2\/users\/35"}],"replies":[{"embeddable":true,"href":"https:\/\/projectes.fundesplai.org\/cochabambasantjoandespi\/wp-json\/wp\/v2\/comments?post=303"}],"version-history":[{"count":1,"href":"https:\/\/projectes.fundesplai.org\/cochabambasantjoandespi\/wp-json\/wp\/v2\/posts\/303\/revisions"}],"predecessor-version":[{"id":318,"href":"https:\/\/projectes.fundesplai.org\/cochabambasantjoandespi\/wp-json\/wp\/v2\/posts\/303\/revisions\/318"}],"wp:attachment":[{"href":"https:\/\/projectes.fundesplai.org\/cochabambasantjoandespi\/wp-json\/wp\/v2\/media?parent=303"}],"wp:term":[{"taxonomy":"category","embeddable":true,"href":"https:\/\/projectes.fundesplai.org\/cochabambasantjoandespi\/wp-json\/wp\/v2\/categories?post=303"},{"taxonomy":"post_tag","embeddable":true,"href":"https:\/\/projectes.fundesplai.org\/cochabambasantjoandespi\/wp-json\/wp\/v2\/tags?post=303"}],"curies":[{"name":"wp","href":"https:\/\/api.w.org\/{rel}","templated":true}]}}